{"id":4281,"date":"2019-06-28T08:03:48","date_gmt":"2019-06-28T07:03:48","guid":{"rendered":"https:\/\/zeda.fr\/?p=4281"},"modified":"2019-06-28T08:03:48","modified_gmt":"2019-06-28T07:03:48","slug":"prix-au-riz-the","status":"publish","type":"post","link":"https:\/\/zeda.fr\/?p=4281","title":{"rendered":"PRIX AU RIZ TH\u00c9"},"content":{"rendered":"<p><img loading=\"lazy\" decoding=\"async\" class=\"aligncenter size-full wp-image-4282\" src=\"https:\/\/zeda.fr\/wp-content\/uploads\/2019\/06\/1307-PRIX-AU-RIZ-THE-zFont-BR-1307.gif\" alt=\"\" width=\"480\" height=\"430\" \/>Un petit dessin pour illustrer ma <a href=\"http:\/\/www.7bd.fr\/2016\/05\/les-chroniques-du-roi-vagabond-t1-le.html\" target=\"_blank\" rel=\"noopener noreferrer\">chronique 7BD<\/a> sur \u00ab\u00a0Les chroniques du roi vagabond T1 : le Premier mensonge\u00a0\u00bb par Alvaro Prieto et Raul Moreno chez Delcourt.<\/p>\n<p><span style=\"color: #ffffff;\">PRIX AU RIZ TH\u00c9 : &#8211; Je suis le roi vagabond mais je pr\u00e9f\u00e8re rester dans l&rsquo;ombre. &#8211; Moi, je suis ch\u00f4meur. Si je reste dans l&rsquo;ombre, personne me recrutera.\u00a0<\/span><\/p>\n<div style=\"padding-bottom:20px; padding-top:10px;\" class=\"hupso-share-buttons\"><!-- Hupso Share Buttons - https:\/\/www.hupso.com\/share\/ --><a class=\"hupso_counters\" href=\"https:\/\/www.hupso.com\/share\/\"><img decoding=\"async\" src=\"https:\/\/static.hupso.com\/share\/buttons\/lang\/fr\/share-small.png\" style=\"border:0px; padding-top:2px; float:left;\" alt=\"Share Button\"\/><\/a><script type=\"text\/javascript\">var hupso_services_c=new Array(\"twitter\",\"facebook_like\",\"facebook_send\",\"google\",\"pinterest\",\"email\",\"print\",\"linkedin\");var hupso_counters_lang = \"fr_FR\";var hupso_image_folder_url = \"\";var hupso_twitter_via=\"DVNEAU\";var hupso_url_c=\"\";var hupso_title_c=\"PRIX%20AU%20RIZ%20TH%C3%89\";<\/script><script type=\"text\/javascript\" src=\"https:\/\/static.hupso.com\/share\/js\/counters.js\"><\/script><!-- Hupso Share Buttons --><\/div>","protected":false},"excerpt":{"rendered":"<p>Un petit dessin pour illustrer ma chronique 7BD sur \u00ab\u00a0Les chroniques du roi vagabond T1 : le Premier mensonge\u00a0\u00bb par Alvaro Prieto et Raul Moreno chez Delcourt. PRIX AU RIZ TH\u00c9 : &#8211; Je suis le roi vagabond mais je<br \/><a class=\"btn-more btn btn-danger btn-sm\" href=\"https:\/\/zeda.fr\/?p=4281\">Read More<\/a><\/p>\n","protected":false},"author":1,"featured_media":0,"comment_status":"open","ping_status":"open","sticky":false,"template":"","format":"image","meta":{"jetpack_post_was_ever_published":false,"_jetpack_newsletter_access":"","_jetpack_dont_email_post_to_subs":false,"_jetpack_newsletter_tier_id":0,"_jetpack_memberships_contains_paywalled_content":false,"_jetpack_memberships_contains_paid_content":false,"footnotes":"","jetpack_publicize_message":"Dans son nouveau strip \"PRIX AU RIZ THE\" aussi chez @7BD, Z\u00e9da rencontre le roi vagabond...","jetpack_publicize_feature_enabled":true,"jetpack_social_post_already_shared":true,"jetpack_social_options":{"image_generator_settings":{"template":"highway","enabled":false},"version":2}},"categories":[13],"tags":[],"jetpack_publicize_connections":[],"jetpack_featured_media_url":"","jetpack_sharing_enabled":true,"jetpack_shortlink":"https:\/\/wp.me\/p68PSY-173","jetpack_likes_enabled":true,"_links":{"self":[{"href":"https:\/\/zeda.fr\/index.php?rest_route=\/wp\/v2\/posts\/4281"}],"collection":[{"href":"https:\/\/zeda.fr\/index.php?rest_route=\/wp\/v2\/posts"}],"about":[{"href":"https:\/\/zeda.fr\/index.php?rest_route=\/wp\/v2\/types\/post"}],"author":[{"embeddable":true,"href":"https:\/\/zeda.fr\/index.php?rest_route=\/wp\/v2\/users\/1"}],"replies":[{"embeddable":true,"href":"https:\/\/zeda.fr\/index.php?rest_route=%2Fwp%2Fv2%2Fcomments&post=4281"}],"version-history":[{"count":1,"href":"https:\/\/zeda.fr\/index.php?rest_route=\/wp\/v2\/posts\/4281\/revisions"}],"predecessor-version":[{"id":4283,"href":"https:\/\/zeda.fr\/index.php?rest_route=\/wp\/v2\/posts\/4281\/revisions\/4283"}],"wp:attachment":[{"href":"https:\/\/zeda.fr\/index.php?rest_route=%2Fwp%2Fv2%2Fmedia&parent=4281"}],"wp:term":[{"taxonomy":"category","embeddable":true,"href":"https:\/\/zeda.fr\/index.php?rest_route=%2Fwp%2Fv2%2Fcategories&post=4281"},{"taxonomy":"post_tag","embeddable":true,"href":"https:\/\/zeda.fr\/index.php?rest_route=%2Fwp%2Fv2%2Ftags&post=4281"}],"curies":[{"name":"wp","href":"https:\/\/api.w.org\/{rel}","templated":true}]}}