{"id":5882,"date":"2022-08-29T11:11:11","date_gmt":"2022-08-29T10:11:11","guid":{"rendered":"https:\/\/zeda.fr\/?p=5882"},"modified":"2022-09-02T08:07:05","modified_gmt":"2022-09-02T07:07:05","slug":"tete-de-lemploi","status":"publish","type":"post","link":"https:\/\/zeda.fr\/?p=5882","title":{"rendered":"T\u00caTE DE L&rsquo;EMPLOI"},"content":{"rendered":"<p>Enfin la suite de la saga de l&rsquo;\u00e9t\u00e9 \u00ab\u00a0T&rsquo;AS TA TAXE\u00a0\u00bb. Remettez-vous l&rsquo;histoire en t\u00eate avec l&rsquo;\u00e9pisode pr\u00e9c\u00e9dent <a href=\"https:\/\/zeda.fr\/?p=5876\" target=\"_blank\" rel=\"noopener\">\u00ab\u00a0ID\u00c9ES RE\u00c7UES\u00a0\u00bb<\/a>.<\/p>\n<p><img loading=\"lazy\" decoding=\"async\" class=\"aligncenter size-full wp-image-5883\" src=\"https:\/\/zeda.fr\/wp-content\/uploads\/2022\/08\/1661-01-TETE-DE-LEMPLOI-zFont-BR-1661.gif\" alt=\"\" width=\"460\" height=\"2276\" \/><img loading=\"lazy\" decoding=\"async\" class=\"aligncenter size-full wp-image-5884\" src=\"https:\/\/zeda.fr\/wp-content\/uploads\/2022\/08\/1661-02-TETE-DE-LEMPLOI-zFont-BR-1661.gif\" alt=\"\" width=\"460\" height=\"2210\" \/><img loading=\"lazy\" decoding=\"async\" class=\"aligncenter size-full wp-image-5885\" src=\"https:\/\/zeda.fr\/wp-content\/uploads\/2022\/08\/1661-03-TETE-DE-LEMPLOI-zFont-BR-1661.gif\" alt=\"\" width=\"460\" height=\"2155\" \/><img loading=\"lazy\" decoding=\"async\" class=\"aligncenter size-full wp-image-5886\" src=\"https:\/\/zeda.fr\/wp-content\/uploads\/2022\/08\/1661-04-TETE-DE-LEMPLOI-zFont-BR-1661.gif\" alt=\"\" width=\"460\" height=\"2146\" \/>Retrouvez la conclusion de cette saga estivale et administrative dans <a href=\"https:\/\/zeda.fr\/?p=5889\" target=\"_blank\" rel=\"noopener\">\u00ab\u00a0LOGIC END\u00a0\u00bb<\/a> !<\/p>\n<p><span style=\"color: #ffffff;\">T\u00caTE DE L&rsquo;EMPLOI : &#8211; Vous voyez bien que j&rsquo;ai pas une t\u00eate d&rsquo;entreprise. &#8211; \u00c7a, c&rsquo;est vous qui le dites. &#8211; Si vous saviez le gens qui ne savent pas qu&rsquo;ils sont des personnes morales ou qui pensent \u00eatre des personnes morales et qui se trompent. bon, votre secteur d&rsquo;activit\u00e9 ? &#8211; Je suis ch\u00f4meur. &#8211; Pour le coup, j&rsquo;ai \u00e9t\u00e9 licenci\u00e9 par une entreprise. &#8211; Vous en connaissez beaucoup des entreprises qui licencient des entreprises ? &#8211; euh&#8230; &#8211; Donnez-moi votre nom que je v\u00e9rifie. (tap tap tap tap) &#8211; zzzz (tap tap tap tap tap tap tap tap) &#8211; AH ! &#8211; Hein &#8211; Vous n&rsquo;\u00eates pas une personne morale. Il y a eu un souci de r\u00e9f\u00e9rencement. Mais quelle id\u00e9e de porter le m\u00eame nom qu&rsquo;une entreprise ! &#8211; Alors, je n&rsquo;ai pas \u00e0 payer la taxe fonci\u00e8re des entreprises ? &#8211; Bien s\u00fbr que non &#8211; YOUPI ! MERCI ! &#8211; Et je pr\u00e9viens le service des envois pour qu&rsquo;il vous adresse la taxe fonci\u00e8re des particuliers.<\/span><\/p>\n<div style=\"padding-bottom:20px; padding-top:10px;\" class=\"hupso-share-buttons\"><!-- Hupso Share Buttons - https:\/\/www.hupso.com\/share\/ --><a class=\"hupso_counters\" href=\"https:\/\/www.hupso.com\/share\/\"><img decoding=\"async\" src=\"https:\/\/static.hupso.com\/share\/buttons\/lang\/fr\/share-small.png\" style=\"border:0px; padding-top:2px; float:left;\" alt=\"Share Button\"\/><\/a><script type=\"text\/javascript\">var hupso_services_c=new Array(\"twitter\",\"facebook_like\",\"facebook_send\",\"google\",\"pinterest\",\"email\",\"print\",\"linkedin\");var hupso_counters_lang = \"fr_FR\";var hupso_image_folder_url = \"\";var hupso_twitter_via=\"DVNEAU\";var hupso_url_c=\"\";var hupso_title_c=\"T%C3%8ATE%20DE%20L%27EMPLOI\";<\/script><script type=\"text\/javascript\" src=\"https:\/\/static.hupso.com\/share\/js\/counters.js\"><\/script><!-- Hupso Share Buttons --><\/div>","protected":false},"excerpt":{"rendered":"<p>Enfin la suite de la saga de l&rsquo;\u00e9t\u00e9 \u00ab\u00a0T&rsquo;AS TA TAXE\u00a0\u00bb. Remettez-vous l&rsquo;histoire en t\u00eate avec l&rsquo;\u00e9pisode pr\u00e9c\u00e9dent \u00ab\u00a0ID\u00c9ES RE\u00c7UES\u00a0\u00bb. Retrouvez la conclusion de cette saga estivale et administrative dans \u00ab\u00a0LOGIC END\u00a0\u00bb ! T\u00caTE DE L&rsquo;EMPLOI : &#8211; Vous voyez<br \/><a class=\"btn-more btn btn-danger btn-sm\" href=\"https:\/\/zeda.fr\/?p=5882\">Read More<\/a><\/p>\n","protected":false},"author":1,"featured_media":0,"comment_status":"open","ping_status":"open","sticky":false,"template":"","format":"image","meta":{"jetpack_post_was_ever_published":false,"_jetpack_newsletter_access":"","_jetpack_dont_email_post_to_subs":false,"_jetpack_newsletter_tier_id":0,"_jetpack_memberships_contains_paywalled_content":false,"_jetpack_memberships_contains_paid_content":false,"footnotes":"","jetpack_publicize_message":"Suite de la saga de l'\u00e9t\u00e9 de Z\u00e9da avec le nouvel \u00e9pisode \"T\u00caTE DE L'EMPLOI\" !","jetpack_publicize_feature_enabled":true,"jetpack_social_post_already_shared":true,"jetpack_social_options":{"image_generator_settings":{"template":"highway","enabled":false},"version":2}},"categories":[60],"tags":[],"jetpack_publicize_connections":[],"jetpack_featured_media_url":"","jetpack_sharing_enabled":true,"jetpack_shortlink":"https:\/\/wp.me\/p68PSY-1wS","jetpack_likes_enabled":true,"_links":{"self":[{"href":"https:\/\/zeda.fr\/index.php?rest_route=\/wp\/v2\/posts\/5882"}],"collection":[{"href":"https:\/\/zeda.fr\/index.php?rest_route=\/wp\/v2\/posts"}],"about":[{"href":"https:\/\/zeda.fr\/index.php?rest_route=\/wp\/v2\/types\/post"}],"author":[{"embeddable":true,"href":"https:\/\/zeda.fr\/index.php?rest_route=\/wp\/v2\/users\/1"}],"replies":[{"embeddable":true,"href":"https:\/\/zeda.fr\/index.php?rest_route=%2Fwp%2Fv2%2Fcomments&post=5882"}],"version-history":[{"count":2,"href":"https:\/\/zeda.fr\/index.php?rest_route=\/wp\/v2\/posts\/5882\/revisions"}],"predecessor-version":[{"id":5892,"href":"https:\/\/zeda.fr\/index.php?rest_route=\/wp\/v2\/posts\/5882\/revisions\/5892"}],"wp:attachment":[{"href":"https:\/\/zeda.fr\/index.php?rest_route=%2Fwp%2Fv2%2Fmedia&parent=5882"}],"wp:term":[{"taxonomy":"category","embeddable":true,"href":"https:\/\/zeda.fr\/index.php?rest_route=%2Fwp%2Fv2%2Fcategories&post=5882"},{"taxonomy":"post_tag","embeddable":true,"href":"https:\/\/zeda.fr\/index.php?rest_route=%2Fwp%2Fv2%2Ftags&post=5882"}],"curies":[{"name":"wp","href":"https:\/\/api.w.org\/{rel}","templated":true}]}}