{"id":7300,"date":"2025-05-12T10:18:52","date_gmt":"2025-05-12T09:18:52","guid":{"rendered":"https:\/\/zeda.fr\/?p=7300"},"modified":"2025-05-12T10:18:52","modified_gmt":"2025-05-12T09:18:52","slug":"zeda-parle-de-quai-des-bulles-2024","status":"publish","type":"post","link":"https:\/\/zeda.fr\/?p=7300","title":{"rendered":"ZEDA PARLE DE&#8230; QUAI DES BULLES 2024"},"content":{"rendered":"<p>Z\u00e9da revient sur le festival QUAI DES BULLES de 2024 dans cette <a href=\"https:\/\/www.avoir-alire.com\/zeda-parle-de-quai-des-bulles-2024\" target=\"_blank\" rel=\"noopener\">chronique dessin\u00e9e parue chez A VOIR A LIRE<\/a> en avant-premi\u00e8re !<\/p>\n<p><img loading=\"lazy\" decoding=\"async\" class=\"aligncenter size-full wp-image-7301\" src=\"https:\/\/zeda.fr\/wp-content\/uploads\/2025\/05\/2168-01-ZEDA-PARLE-DE-QUAI-DES-BULLES-2024-zFont-BR-2168.jpg\" alt=\"\" width=\"460\" height=\"2110\" srcset=\"https:\/\/zeda.fr\/wp-content\/uploads\/2025\/05\/2168-01-ZEDA-PARLE-DE-QUAI-DES-BULLES-2024-zFont-BR-2168.jpg 460w, https:\/\/zeda.fr\/wp-content\/uploads\/2025\/05\/2168-01-ZEDA-PARLE-DE-QUAI-DES-BULLES-2024-zFont-BR-2168-240x1100.jpg 240w, https:\/\/zeda.fr\/wp-content\/uploads\/2025\/05\/2168-01-ZEDA-PARLE-DE-QUAI-DES-BULLES-2024-zFont-BR-2168-436x2000.jpg 436w, https:\/\/zeda.fr\/wp-content\/uploads\/2025\/05\/2168-01-ZEDA-PARLE-DE-QUAI-DES-BULLES-2024-zFont-BR-2168-335x1536.jpg 335w\" sizes=\"(max-width: 460px) 100vw, 460px\" \/><img loading=\"lazy\" decoding=\"async\" class=\"aligncenter size-full wp-image-7302\" src=\"https:\/\/zeda.fr\/wp-content\/uploads\/2025\/05\/2168-02-ZEDA-PARLE-DE-QUAI-DES-BULLES-2024-zFont-BR-2168.gif\" alt=\"\" width=\"460\" height=\"2160\" \/><img loading=\"lazy\" decoding=\"async\" class=\"aligncenter size-full wp-image-7303\" src=\"https:\/\/zeda.fr\/wp-content\/uploads\/2025\/05\/2168-03-ZEDA-PARLE-DE-QUAI-DES-BULLES-2024-zFont-BR-2168.gif\" alt=\"\" width=\"460\" height=\"1692\" \/><img loading=\"lazy\" decoding=\"async\" class=\"aligncenter size-full wp-image-7304\" src=\"https:\/\/zeda.fr\/wp-content\/uploads\/2025\/05\/2168-04-ZEDA-PARLE-DE-QUAI-DES-BULLES-2024-zFont-BR-2168.jpg\" alt=\"\" width=\"795\" height=\"462\" srcset=\"https:\/\/zeda.fr\/wp-content\/uploads\/2025\/05\/2168-04-ZEDA-PARLE-DE-QUAI-DES-BULLES-2024-zFont-BR-2168.jpg 795w, https:\/\/zeda.fr\/wp-content\/uploads\/2025\/05\/2168-04-ZEDA-PARLE-DE-QUAI-DES-BULLES-2024-zFont-BR-2168-768x446.jpg 768w, https:\/\/zeda.fr\/wp-content\/uploads\/2025\/05\/2168-04-ZEDA-PARLE-DE-QUAI-DES-BULLES-2024-zFont-BR-2168-600x349.jpg 600w\" sizes=\"(max-width: 795px) 100vw, 795px\" \/>Retrouvez en avant-premi\u00e8re les chroniques mensuelles dessin\u00e9es de Z\u00e9da sur <a href=\"https:\/\/www.avoir-alire.com\/spip.php?page=recherche&amp;recherche=ZEDA+PARLE+DE...+\" target=\"_blank\" rel=\"noopener\">A VOIR A LIRE<\/a> !<\/p>\n<p><span style=\"color: #ffffff;\">ZEDA PARLE DE&#8230; QUAI DES BULLES 2024 : &#8211; H\u00e9 oui, je rentre de Saint-Malo o\u00f9 avait lieu la nouvelle \u00e9dition de Quai des Bulles, le festival BD. &#8211; Et pour l&rsquo;occasion, je re\u00e7ois un invit\u00e9 sp\u00e9cial ! &#8211; Bidouille ! &#8211; bonjour &#8211; Je suis content de te recevoir. T&rsquo;es le h\u00e9ros d&rsquo;une super BD: \u00ab\u00a0Bidouille et Violette\u00a0\u00bb. &#8211; merci &#8211; Tu es pr\u00e9sent \u00e0 Quai des bulles gr\u00e2ce \u00e0 l&rsquo;exposition consacr\u00e9e \u00e0 Yslaire, ton auteur, \u00e0 la galerie \u00ab\u00a0\u00e0 la marge\u00a0\u00bb. &#8211; pfff&#8230; oui &#8211; Ben, \u00e7a a pas l&rsquo;air d&rsquo;aller. &#8211; bof &#8211; Je suis content pour Hislaire, enfin Yslaire, il a fait plein de BD superbes apr\u00e8s ma s\u00e9rie. &#8211; Mais moi, je reste le gars renvers\u00e9 par une voiture, qui a perdu la femme de sa vie dans une s\u00e9rie inachev\u00e9e&#8230; &#8211; Viens, on retourne \u00e0 Saint-Malo. &#8211; Je sais, l&rsquo;expo dure jusqu&rsquo;au 24 novembre mais bof. &#8211; C&rsquo;est pas pour \u00e7a, viens ! &#8211; ? &#8211; Et voil\u00e0. &#8211; C&rsquo;est&#8230; C&rsquo;est pas possible. &#8211; Bidouille et Violette enfin r\u00e9unis et heureux.<\/span><\/p>\n<div style=\"padding-bottom:20px; padding-top:10px;\" class=\"hupso-share-buttons\"><!-- Hupso Share Buttons - https:\/\/www.hupso.com\/share\/ --><a class=\"hupso_counters\" href=\"https:\/\/www.hupso.com\/share\/\"><img decoding=\"async\" src=\"https:\/\/static.hupso.com\/share\/buttons\/lang\/fr\/share-small.png\" style=\"border:0px; padding-top:2px; float:left;\" alt=\"Share Button\"\/><\/a><script type=\"text\/javascript\">var hupso_services_c=new Array(\"twitter\",\"facebook_like\",\"facebook_send\",\"google\",\"pinterest\",\"email\",\"print\",\"linkedin\");var hupso_counters_lang = \"fr_FR\";var hupso_image_folder_url = \"\";var hupso_twitter_via=\"DVNEAU\";var hupso_url_c=\"\";var hupso_title_c=\"ZEDA%20PARLE%20DE...%20QUAI%20DES%20BULLES%202024\";<\/script><script type=\"text\/javascript\" src=\"https:\/\/static.hupso.com\/share\/js\/counters.js\"><\/script><!-- Hupso Share Buttons --><\/div>","protected":false},"excerpt":{"rendered":"<p>Z\u00e9da revient sur le festival QUAI DES BULLES de 2024 dans cette chronique dessin\u00e9e parue chez A VOIR A LIRE en avant-premi\u00e8re ! Retrouvez en avant-premi\u00e8re les chroniques mensuelles dessin\u00e9es de Z\u00e9da sur A VOIR A LIRE ! ZEDA PARLE<br \/><a class=\"btn-more btn btn-danger btn-sm\" href=\"https:\/\/zeda.fr\/?p=7300\">Read More<\/a><\/p>\n","protected":false},"author":1,"featured_media":7305,"comment_status":"open","ping_status":"open","sticky":false,"template":"","format":"standard","meta":{"jetpack_post_was_ever_published":false,"_jetpack_newsletter_access":"","_jetpack_dont_email_post_to_subs":false,"_jetpack_newsletter_tier_id":0,"_jetpack_memberships_contains_paywalled_content":false,"_jetpack_memberships_contains_paid_content":false,"footnotes":"","jetpack_publicize_message":"Dans sa chronique dessin\u00e9e \"ZEDA PARLE DE... QUAI DES BULLES 2024\" pr\u00e9publi\u00e9e sur @avoiralire, Z\u00e9da revient sur le festival BD de Saint-Malo.","jetpack_publicize_feature_enabled":true,"jetpack_social_post_already_shared":true,"jetpack_social_options":{"image_generator_settings":{"template":"highway","enabled":false},"version":2}},"categories":[47],"tags":[73,103,68,102,69,70,71],"jetpack_publicize_connections":[],"jetpack_featured_media_url":"https:\/\/zeda.fr\/wp-content\/uploads\/2025\/05\/2168-01-ZEDA-PARLE-DE-QUAI-DES-BULLES-2024-zFont-Insta-BR-2168.jpg","jetpack_sharing_enabled":true,"jetpack_shortlink":"https:\/\/wp.me\/p68PSY-1TK","jetpack_likes_enabled":true,"_links":{"self":[{"href":"https:\/\/zeda.fr\/index.php?rest_route=\/wp\/v2\/posts\/7300"}],"collection":[{"href":"https:\/\/zeda.fr\/index.php?rest_route=\/wp\/v2\/posts"}],"about":[{"href":"https:\/\/zeda.fr\/index.php?rest_route=\/wp\/v2\/types\/post"}],"author":[{"embeddable":true,"href":"https:\/\/zeda.fr\/index.php?rest_route=\/wp\/v2\/users\/1"}],"replies":[{"embeddable":true,"href":"https:\/\/zeda.fr\/index.php?rest_route=%2Fwp%2Fv2%2Fcomments&post=7300"}],"version-history":[{"count":1,"href":"https:\/\/zeda.fr\/index.php?rest_route=\/wp\/v2\/posts\/7300\/revisions"}],"predecessor-version":[{"id":7306,"href":"https:\/\/zeda.fr\/index.php?rest_route=\/wp\/v2\/posts\/7300\/revisions\/7306"}],"wp:featuredmedia":[{"embeddable":true,"href":"https:\/\/zeda.fr\/index.php?rest_route=\/wp\/v2\/media\/7305"}],"wp:attachment":[{"href":"https:\/\/zeda.fr\/index.php?rest_route=%2Fwp%2Fv2%2Fmedia&parent=7300"}],"wp:term":[{"taxonomy":"category","embeddable":true,"href":"https:\/\/zeda.fr\/index.php?rest_route=%2Fwp%2Fv2%2Fcategories&post=7300"},{"taxonomy":"post_tag","embeddable":true,"href":"https:\/\/zeda.fr\/index.php?rest_route=%2Fwp%2Fv2%2Ftags&post=7300"}],"curies":[{"name":"wp","href":"https:\/\/api.w.org\/{rel}","templated":true}]}}