{"id":7730,"date":"2026-03-16T10:13:27","date_gmt":"2026-03-16T09:13:27","guid":{"rendered":"https:\/\/zeda.fr\/?p=7730"},"modified":"2026-03-16T10:13:27","modified_gmt":"2026-03-16T09:13:27","slug":"delai-de-carence","status":"publish","type":"post","link":"https:\/\/zeda.fr\/?p=7730","title":{"rendered":"D\u00c9LAI DE CARENCE"},"content":{"rendered":"<p><img loading=\"lazy\" decoding=\"async\" class=\"aligncenter size-full wp-image-7731\" src=\"https:\/\/zeda.fr\/wp-content\/uploads\/2026\/03\/2256-DELAI-DE-CARENCE-zFont-BR-2256.gif\" alt=\"\" width=\"460\" height=\"1218\" \/><span style=\"color: #ffffff;\">D\u00c9LAI DE CARENCE : &#8211; Deux mois pour d\u00e9signer un premier ministre, c&rsquo;est pas optimal ! &#8211; C&rsquo;est vrai. Moi, y a des boulots o\u00f9 ils m&rsquo;ont m\u00eame pas gard\u00e9 deux mois.\u00a0<\/span><\/p>\n<div style=\"padding-bottom:20px; padding-top:10px;\" class=\"hupso-share-buttons\"><!-- Hupso Share Buttons - https:\/\/www.hupso.com\/share\/ --><a class=\"hupso_counters\" href=\"https:\/\/www.hupso.com\/share\/\"><img decoding=\"async\" src=\"https:\/\/static.hupso.com\/share\/buttons\/lang\/fr\/share-small.png\" style=\"border:0px; padding-top:2px; float:left;\" alt=\"Share Button\"\/><\/a><script type=\"text\/javascript\">var hupso_services_c=new Array(\"twitter\",\"facebook_like\",\"facebook_send\",\"google\",\"pinterest\",\"email\",\"print\",\"linkedin\");var hupso_counters_lang = \"fr_FR\";var hupso_image_folder_url = \"\";var hupso_twitter_via=\"DVNEAU\";var hupso_url_c=\"\";var hupso_title_c=\"D%C3%89LAI%20DE%20CARENCE\";<\/script><script type=\"text\/javascript\" src=\"https:\/\/static.hupso.com\/share\/js\/counters.js\"><\/script><!-- Hupso Share Buttons --><\/div>","protected":false},"excerpt":{"rendered":"<p>D\u00c9LAI DE CARENCE : &#8211; Deux mois pour d\u00e9signer un premier ministre, c&rsquo;est pas optimal ! &#8211; C&rsquo;est vrai. Moi, y a des boulots o\u00f9 ils m&rsquo;ont m\u00eame pas gard\u00e9 deux mois.\u00a0<\/p>\n","protected":false},"author":1,"featured_media":7732,"comment_status":"open","ping_status":"open","sticky":false,"template":"","format":"standard","meta":{"jetpack_post_was_ever_published":false,"_jetpack_newsletter_access":"","_jetpack_dont_email_post_to_subs":false,"_jetpack_newsletter_tier_id":0,"_jetpack_memberships_contains_paywalled_content":false,"_jetpack_memberships_contains_paid_content":false,"footnotes":"","jetpack_publicize_message":"Dans son nouveau strip \"D\u00c9LAI DE CARENCE\", Z\u00e9da et sa comptable favorite s'interrogent sur le d\u00e9lai de choix minist\u00e9riel.","jetpack_publicize_feature_enabled":true,"jetpack_social_post_already_shared":true,"jetpack_social_options":{"image_generator_settings":{"template":"highway","default_image_id":0,"font":"","enabled":false},"version":2}},"categories":[28],"tags":[73,68,69,70,71],"class_list":["post-7730","post","type-post","status-publish","format-standard","has-post-thumbnail","hentry","category-elections-quand-tu-nous-tiens","tag-digital-comic","tag-humour","tag-webcomic","tag-webtoon","tag-zeda"],"jetpack_publicize_connections":[],"jetpack_featured_media_url":"https:\/\/zeda.fr\/wp-content\/uploads\/2026\/03\/2256-DELAI-DE-CARENCE-zFont-Insta-BR-2256.jpg","jetpack_sharing_enabled":true,"jetpack_shortlink":"https:\/\/wp.me\/p68PSY-20G","jetpack_likes_enabled":true,"_links":{"self":[{"href":"https:\/\/zeda.fr\/index.php?rest_route=\/wp\/v2\/posts\/7730","targetHints":{"allow":["GET"]}}],"collection":[{"href":"https:\/\/zeda.fr\/index.php?rest_route=\/wp\/v2\/posts"}],"about":[{"href":"https:\/\/zeda.fr\/index.php?rest_route=\/wp\/v2\/types\/post"}],"author":[{"embeddable":true,"href":"https:\/\/zeda.fr\/index.php?rest_route=\/wp\/v2\/users\/1"}],"replies":[{"embeddable":true,"href":"https:\/\/zeda.fr\/index.php?rest_route=%2Fwp%2Fv2%2Fcomments&post=7730"}],"version-history":[{"count":1,"href":"https:\/\/zeda.fr\/index.php?rest_route=\/wp\/v2\/posts\/7730\/revisions"}],"predecessor-version":[{"id":7733,"href":"https:\/\/zeda.fr\/index.php?rest_route=\/wp\/v2\/posts\/7730\/revisions\/7733"}],"wp:featuredmedia":[{"embeddable":true,"href":"https:\/\/zeda.fr\/index.php?rest_route=\/wp\/v2\/media\/7732"}],"wp:attachment":[{"href":"https:\/\/zeda.fr\/index.php?rest_route=%2Fwp%2Fv2%2Fmedia&parent=7730"}],"wp:term":[{"taxonomy":"category","embeddable":true,"href":"https:\/\/zeda.fr\/index.php?rest_route=%2Fwp%2Fv2%2Fcategories&post=7730"},{"taxonomy":"post_tag","embeddable":true,"href":"https:\/\/zeda.fr\/index.php?rest_route=%2Fwp%2Fv2%2Ftags&post=7730"}],"curies":[{"name":"wp","href":"https:\/\/api.w.org\/{rel}","templated":true}]}}